{"id":2490,"date":"2015-12-16T16:29:24","date_gmt":"2015-12-16T15:29:24","guid":{"rendered":"https:\/\/xavierderichemont.com\/?p=2490"},"modified":"2019-02-25T16:42:41","modified_gmt":"2019-02-25T15:42:41","slug":"carmelight%c2%b2","status":"publish","type":"post","link":"https:\/\/xavierderichemont.com\/en\/press\/carmelight%c2%b2\/","title":{"rendered":"Carmelight\u00b2"},"content":{"rendered":"<p>[vc_row css=&#8221;.vc_custom_1545139238918{margin-bottom: 70px !important;}&#8221;][vc_column][vc_column_text]<\/p>\n<h3>Ciudad de San Luis Potos\u00ed<\/h3>\n<p>d\u00e9cembre 2015<\/p>\n<p><em><strong>Vid\u00e9o promotionnelle r\u00e9alis\u00e9e par la ville de San Luis Potos\u00ed, M\u00e9xique<\/strong><\/em><\/p>\n<div style=\"width: 640px;\" class=\"wp-video\"><video class=\"wp-video-shortcode\" id=\"video-2490-1\" width=\"640\" height=\"352\" preload=\"metadata\" controls=\"controls\"><source type=\"video\/mp4\" src=\"https:\/\/xavierderichemont.com\/wp-content\/uploads\/2019\/02\/San_Luis_Potosi_Carmelight_trailer.mp4?_=1\" \/><a href=\"https:\/\/xavierderichemont.com\/wp-content\/uploads\/2019\/02\/San_Luis_Potosi_Carmelight_trailer.mp4\">https:\/\/xavierderichemont.com\/wp-content\/uploads\/2019\/02\/San_Luis_Potosi_Carmelight_trailer.mp4<\/a><\/video><\/div>\n<p>[\/vc_column_text][\/vc_column][\/vc_row][vc_row css=&#8221;.vc_custom_1545139238918{margin-bottom: 70px !important;}&#8221;][vc_column][vc_column_text]<\/p>\n<h3>La Jornada Zacatecas<\/h3>\n<p>16 d\u00e9cembre 2015<\/p>\n<p class=\"entry-title\"><strong><em>Fiesta de Luz \u201cCarmelight\u201d de Xavier de Richemont, espect\u00e1culo de proyecciones de paintre video, se presentar\u00e1 en San Luis Potos\u00ed<\/em><\/strong><\/p>\n<p><a href=\"http:\/\/ljz.mx\/2015\/12\/16\/137833\/\" target=\"_blank\" rel=\"noopener noreferrer\">Lire l&#8217;article sur le site de La Jornada Zacatecas<\/a><\/p>\n<p>[\/vc_column_text][\/vc_column][\/vc_row][vc_row css=&#8221;.vc_custom_1545139238918{margin-bottom: 70px !important;}&#8221;][vc_column][vc_column_text]<\/p>\n<h3>Plano Informativo<\/h3>\n<p>19 d\u00e9cembre 2015<\/p>\n<div class=\"titulointerior margen-left-20 margen-top-10\">\n<p class=\"fontra cfff size30 bold\"><em><strong>Espectacular inicio de la Fiesta de Luz Carmelight. Se present\u00f3 la obra del maestro franc\u00e9s Xavier de Richemont proyectada en la facha de El Templo del Carmen.<\/strong><\/em><\/p>\n<\/div>\n<p><a href=\"http:\/\/planoinformativo.com\/431921\/espectacular-inicio-de-la-fiesta-de-luz-lt-i-gt-carmelight-lt-i-gt-\" target=\"_blank\" rel=\"noopener\">Lire l&#8217;article sur le site de Plano Informativo<\/a>[\/vc_column_text][\/vc_column][\/vc_row]<\/p>\n","protected":false},"excerpt":{"rendered":"<p>[vc_row css=&#8221;.vc_custom_1545139238918{margin-bottom: 70px !important;}&#8221;][vc_column][vc_column_text] Ciudad de San Luis Potos\u00ed d\u00e9cembre 2015 Vid\u00e9o promotionnelle r\u00e9alis\u00e9e par la ville de San Luis Potos\u00ed, M\u00e9xique [\/vc_column_text][\/vc_column][\/vc_row][vc_row css=&#8221;.vc_custom_1545139238918{margin-bottom: 70px !important;}&#8221;][vc_column][vc_column_text]<span class=\"excerpt-hellip\"> [\u2026]<\/span><\/p>\n","protected":false},"author":1,"featured_media":2491,"comment_status":"open","ping_status":"open","sticky":false,"template":"","format":"standard","meta":{"_exactmetrics_skip_tracking":false,"_exactmetrics_sitenote_active":false,"_exactmetrics_sitenote_note":"","_exactmetrics_sitenote_category":0,"_jetpack_memberships_contains_paid_content":false,"footnotes":""},"categories":[48,35,23],"tags":[],"class_list":["post-2490","post","type-post","status-publish","format-standard","has-post-thumbnail","hentry","category-48","category-mexico","category-press"],"translation":{"provider":"WPGlobus","version":"3.0.2","language":"en","enabled_languages":["fr","en","es"],"languages":{"fr":{"title":true,"content":true,"excerpt":false},"en":{"title":false,"content":false,"excerpt":false},"es":{"title":false,"content":false,"excerpt":false}}},"jetpack_featured_media_url":"https:\/\/i0.wp.com\/xavierderichemont.com\/wp-content\/uploads\/2019\/01\/PR-sanluispotosi-2015.jpg?fit=590%2C394&ssl=1","jetpack_shortlink":"https:\/\/wp.me\/paE78Y-Ea","jetpack_sharing_enabled":true,"_links":{"self":[{"href":"https:\/\/xavierderichemont.com\/en\/wp-json\/wp\/v2\/posts\/2490","targetHints":{"allow":["GET"]}}],"collection":[{"href":"https:\/\/xavierderichemont.com\/en\/wp-json\/wp\/v2\/posts"}],"about":[{"href":"https:\/\/xavierderichemont.com\/en\/wp-json\/wp\/v2\/types\/post"}],"author":[{"embeddable":true,"href":"https:\/\/xavierderichemont.com\/en\/wp-json\/wp\/v2\/users\/1"}],"replies":[{"embeddable":true,"href":"https:\/\/xavierderichemont.com\/en\/wp-json\/wp\/v2\/comments?post=2490"}],"version-history":[{"count":4,"href":"https:\/\/xavierderichemont.com\/en\/wp-json\/wp\/v2\/posts\/2490\/revisions"}],"predecessor-version":[{"id":2636,"href":"https:\/\/xavierderichemont.com\/en\/wp-json\/wp\/v2\/posts\/2490\/revisions\/2636"}],"wp:featuredmedia":[{"embeddable":true,"href":"https:\/\/xavierderichemont.com\/en\/wp-json\/wp\/v2\/media\/2491"}],"wp:attachment":[{"href":"https:\/\/xavierderichemont.com\/en\/wp-json\/wp\/v2\/media?parent=2490"}],"wp:term":[{"taxonomy":"category","embeddable":true,"href":"https:\/\/xavierderichemont.com\/en\/wp-json\/wp\/v2\/categories?post=2490"},{"taxonomy":"post_tag","embeddable":true,"href":"https:\/\/xavierderichemont.com\/en\/wp-json\/wp\/v2\/tags?post=2490"}],"curies":[{"name":"wp","href":"https:\/\/api.w.org\/{rel}","templated":true}]}}