{"id":2507,"date":"2013-11-04T10:30:26","date_gmt":"2013-11-04T09:30:26","guid":{"rendered":"https:\/\/xavierderichemont.com\/?p=2507"},"modified":"2019-01-04T10:39:37","modified_gmt":"2019-01-04T09:39:37","slug":"medellin-amor","status":"publish","type":"post","link":"https:\/\/xavierderichemont.com\/en\/press\/medellin-amor\/","title":{"rendered":"Medell\u00edn Amor"},"content":{"rendered":"<p>[vc_row css=&#8221;.vc_custom_1545139238918{margin-bottom: 70px !important;}&#8221;][vc_column][vc_column_text]<\/p>\n<h3>El Colombiano<\/h3>\n<p>23 novembre 2013, <em>Liliana V\u00e9lez de Restrepo<\/em><\/p>\n<p><em><strong>Xavier tejer\u00e1 el amor de Medell\u00edn<\/strong><\/em><\/p>\n<p><a href=\"http:\/\/www.elcolombiano.com\/historico\/xavier_tejera_el_amor_de_medellin-HAEC_271161\" target=\"_blank\" rel=\"noopener\">Lire l&#8217;article sur le site de El Colombiano<\/a>[\/vc_column_text][\/vc_column][\/vc_row][vc_row css=&#8221;.vc_custom_1545139238918{margin-bottom: 70px !important;}&#8221;][vc_column][vc_column_text]<\/p>\n<h3>Arcadia<\/h3>\n<p>05 d\u00e9cembre 2013, <em>Liliana V\u00e9lez de Restrepo<\/em><\/p>\n<p class=\"article-h\"><strong>La iluminaci\u00f3n como arte<\/strong><\/p>\n<p><em>Como parte del Festival de las Luces de Medell\u00edn, que se celebra hasta el 8 de diciembre, el artista visual franc\u00e9s dise\u00f1o una de sus famosas iluminaciones sobre el edificio EPM.<\/em><\/p>\n<p><a href=\"https:\/\/www.revistaarcadia.com\/agenda\/articulo\/entrevista-xavier-de-richemond-iluminacion-en-medellin\/34583\" target=\"_blank\" rel=\"noopener\">Lire l&#8217;article sur le site de Arcadia<\/a>[\/vc_column_text][\/vc_column][\/vc_row]<\/p>\n","protected":false},"excerpt":{"rendered":"<p>[vc_row css=&#8221;.vc_custom_1545139238918{margin-bottom: 70px !important;}&#8221;][vc_column][vc_column_text] El Colombiano 23 novembre 2013, Liliana V\u00e9lez de Restrepo Xavier tejer\u00e1 el amor de Medell\u00edn Lire l&#8217;article sur le site de El<span class=\"excerpt-hellip\"> [\u2026]<\/span><\/p>\n","protected":false},"author":1,"featured_media":2509,"comment_status":"open","ping_status":"open","sticky":false,"template":"","format":"standard","meta":{"_exactmetrics_skip_tracking":false,"_exactmetrics_sitenote_active":false,"_exactmetrics_sitenote_note":"","_exactmetrics_sitenote_category":0,"_jetpack_memberships_contains_paid_content":false,"footnotes":""},"categories":[51,50,23],"tags":[],"class_list":["post-2507","post","type-post","status-publish","format-standard","has-post-thumbnail","hentry","category-51","category-colombia","category-press"],"translation":{"provider":"WPGlobus","version":"3.0.2","language":"en","enabled_languages":["fr","en","es"],"languages":{"fr":{"title":true,"content":true,"excerpt":false},"en":{"title":false,"content":false,"excerpt":false},"es":{"title":false,"content":false,"excerpt":false}}},"jetpack_featured_media_url":"https:\/\/i0.wp.com\/xavierderichemont.com\/wp-content\/uploads\/2013\/11\/PR-medellin-2013.jpg?fit=590%2C394&ssl=1","jetpack_shortlink":"https:\/\/wp.me\/paE78Y-Er","jetpack_sharing_enabled":true,"_links":{"self":[{"href":"https:\/\/xavierderichemont.com\/en\/wp-json\/wp\/v2\/posts\/2507","targetHints":{"allow":["GET"]}}],"collection":[{"href":"https:\/\/xavierderichemont.com\/en\/wp-json\/wp\/v2\/posts"}],"about":[{"href":"https:\/\/xavierderichemont.com\/en\/wp-json\/wp\/v2\/types\/post"}],"author":[{"embeddable":true,"href":"https:\/\/xavierderichemont.com\/en\/wp-json\/wp\/v2\/users\/1"}],"replies":[{"embeddable":true,"href":"https:\/\/xavierderichemont.com\/en\/wp-json\/wp\/v2\/comments?post=2507"}],"version-history":[{"count":1,"href":"https:\/\/xavierderichemont.com\/en\/wp-json\/wp\/v2\/posts\/2507\/revisions"}],"predecessor-version":[{"id":2508,"href":"https:\/\/xavierderichemont.com\/en\/wp-json\/wp\/v2\/posts\/2507\/revisions\/2508"}],"wp:featuredmedia":[{"embeddable":true,"href":"https:\/\/xavierderichemont.com\/en\/wp-json\/wp\/v2\/media\/2509"}],"wp:attachment":[{"href":"https:\/\/xavierderichemont.com\/en\/wp-json\/wp\/v2\/media?parent=2507"}],"wp:term":[{"taxonomy":"category","embeddable":true,"href":"https:\/\/xavierderichemont.com\/en\/wp-json\/wp\/v2\/categories?post=2507"},{"taxonomy":"post_tag","embeddable":true,"href":"https:\/\/xavierderichemont.com\/en\/wp-json\/wp\/v2\/tags?post=2507"}],"curies":[{"name":"wp","href":"https:\/\/api.w.org\/{rel}","templated":true}]}}