{"id":3079,"date":"2019-02-25T10:13:44","date_gmt":"2019-02-25T09:13:44","guid":{"rendered":"https:\/\/xavierderichemont.com\/?p=3079"},"modified":"2021-02-25T10:15:38","modified_gmt":"2021-02-25T09:15:38","slug":"aplanos-lhomme-de-fer-2","status":"publish","type":"post","link":"https:\/\/xavierderichemont.com\/en\/press\/aplanos-lhomme-de-fer-2\/","title":{"rendered":"APLANOS, l&#8217;Homme de Fer"},"content":{"rendered":"<p>[vc_row css=&#8221;.vc_custom_1545139238918{margin-bottom: 70px !important;}&#8221;][vc_column][vc_column_text]<\/p>\n<h3>Val d&#8217;Oise Tourisme<\/h3>\n<p>02 Ao\u00fbt 2019, <em>Laurent Demontoux<\/em><\/p>\n<p class=\"article-full__title\"><strong>On a test\u00e9 pour vous : Spectacle \u00ab Aplanos. L\u2019homme de fer \u00bb par Xavier de Richemont<\/strong><\/p>\n<p class=\"article-full__header\">Retour de Laurent Demontoux, \u00e0 la suite de sa venue au mus\u00e9e national de la Renaissance pour une d\u00e9couverte surprenante et insolite des \u0153uvres du mus\u00e9e.<\/p>\n<p><a href=\"https:\/\/www.valdoise-tourisme.com\/experiences\/spectacle-aplanos-lhomme-de-fer-par-xavier-de-richemont\/\" target=\"_blank\" rel=\"noopener\">Lire l&#8217;article sur le site Val d&#8217;Oise Tourisme<\/a>[\/vc_column_text][\/vc_column][\/vc_row]<\/p>\n","protected":false},"excerpt":{"rendered":"<p>[vc_row css=&#8221;.vc_custom_1545139238918{margin-bottom: 70px !important;}&#8221;][vc_column][vc_column_text] Val d&#8217;Oise Tourisme 02 Ao\u00fbt 2019, Laurent Demontoux On a test\u00e9 pour vous : Spectacle \u00ab Aplanos. L\u2019homme de fer \u00bb par<span class=\"excerpt-hellip\"> [\u2026]<\/span><\/p>\n","protected":false},"author":1,"featured_media":2860,"comment_status":"open","ping_status":"open","sticky":false,"template":"","format":"standard","meta":{"_exactmetrics_skip_tracking":false,"_exactmetrics_sitenote_active":false,"_exactmetrics_sitenote_note":"","_exactmetrics_sitenote_category":0,"_jetpack_memberships_contains_paid_content":false,"footnotes":""},"categories":[85,39,23],"tags":[],"class_list":["post-3079","post","type-post","status-publish","format-standard","has-post-thumbnail","hentry","category-85","category-france","category-press"],"translation":{"provider":"WPGlobus","version":"3.0.2","language":"en","enabled_languages":["fr","en","es"],"languages":{"fr":{"title":true,"content":true,"excerpt":false},"en":{"title":false,"content":false,"excerpt":false},"es":{"title":false,"content":false,"excerpt":false}}},"jetpack_featured_media_url":"https:\/\/i0.wp.com\/xavierderichemont.com\/wp-content\/uploads\/2020\/12\/trailerbox-2016-2018-1.jpg?fit=426%2C240&ssl=1","jetpack_shortlink":"https:\/\/wp.me\/paE78Y-NF","jetpack_sharing_enabled":true,"_links":{"self":[{"href":"https:\/\/xavierderichemont.com\/en\/wp-json\/wp\/v2\/posts\/3079","targetHints":{"allow":["GET"]}}],"collection":[{"href":"https:\/\/xavierderichemont.com\/en\/wp-json\/wp\/v2\/posts"}],"about":[{"href":"https:\/\/xavierderichemont.com\/en\/wp-json\/wp\/v2\/types\/post"}],"author":[{"embeddable":true,"href":"https:\/\/xavierderichemont.com\/en\/wp-json\/wp\/v2\/users\/1"}],"replies":[{"embeddable":true,"href":"https:\/\/xavierderichemont.com\/en\/wp-json\/wp\/v2\/comments?post=3079"}],"version-history":[{"count":3,"href":"https:\/\/xavierderichemont.com\/en\/wp-json\/wp\/v2\/posts\/3079\/revisions"}],"predecessor-version":[{"id":3081,"href":"https:\/\/xavierderichemont.com\/en\/wp-json\/wp\/v2\/posts\/3079\/revisions\/3081"}],"wp:featuredmedia":[{"embeddable":true,"href":"https:\/\/xavierderichemont.com\/en\/wp-json\/wp\/v2\/media\/2860"}],"wp:attachment":[{"href":"https:\/\/xavierderichemont.com\/en\/wp-json\/wp\/v2\/media?parent=3079"}],"wp:term":[{"taxonomy":"category","embeddable":true,"href":"https:\/\/xavierderichemont.com\/en\/wp-json\/wp\/v2\/categories?post=3079"},{"taxonomy":"post_tag","embeddable":true,"href":"https:\/\/xavierderichemont.com\/en\/wp-json\/wp\/v2\/tags?post=3079"}],"curies":[{"name":"wp","href":"https:\/\/api.w.org\/{rel}","templated":true}]}}