{"id":2465,"date":"2018-09-30T15:04:07","date_gmt":"2018-09-30T13:04:07","guid":{"rendered":"https:\/\/xavierderichemont.com\/?p=2465"},"modified":"2019-02-25T14:49:47","modified_gmt":"2019-02-25T13:49:47","slug":"urbaxo","status":"publish","type":"post","link":"https:\/\/xavierderichemont.com\/es\/press\/urbaxo\/","title":{"rendered":"URBA|XO"},"content":{"rendered":"<p>[vc_row css=&#8221;.vc_custom_1545139238918{margin-bottom: 70px !important;}&#8221;][vc_column][vc_column_text]<\/p>\n<h3>France 3<\/h3>\n<p>29 septembre 2018<\/p>\n<p><iframe loading=\"lazy\" src=\"https:\/\/www.youtube.com\/embed\/0F3O2fO706s\" width=\"560\" height=\"315\" frameborder=\"0\" allowfullscreen=\"allowfullscreen\"><\/iframe>[\/vc_column_text][\/vc_column][\/vc_row][vc_row css=&#8221;.vc_custom_1545139238918{margin-bottom: 70px !important;}&#8221;][vc_column][vc_column_text]<\/p>\n<h3>Grand Lille TV<\/h3>\n<p>27 septembre 2018<\/p>\n<p><iframe loading=\"lazy\" src=\"https:\/\/www.youtube.com\/embed\/kARrPRZRGlI\" width=\"560\" height=\"315\" frameborder=\"0\" allowfullscreen=\"allowfullscreen\"><\/iframe>[\/vc_column_text][\/vc_column][\/vc_row][vc_row css=&#8221;.vc_custom_1545139238918{margin-bottom: 70px !important;}&#8221;][vc_column][vc_column_text]<\/p>\n<h3>Ville de Roubaix<\/h3>\n<p>28 septembre 2018<\/p>\n<p><strong>URBA|XO, une exp\u00e9rience haute en couleurs<\/strong><\/p>\n<p><em>Vid\u00e9o promotionnelle r\u00e9alis\u00e9e par la ville de Roubaix.<\/em><\/p>\n<p><iframe loading=\"lazy\" src=\"https:\/\/www.youtube.com\/embed\/RWSTXBdsEh4\" width=\"560\" height=\"315\" frameborder=\"0\" allowfullscreen=\"allowfullscreen\"><\/iframe>[\/vc_column_text][\/vc_column][\/vc_row][vc_row css=&#8221;.vc_custom_1545139238918{margin-bottom: 70px !important;}&#8221;][vc_column][vc_column_text]<\/p>\n<h3>La Voix du Nord<\/h3>\n<p>28 septembre 2018, <em>Bruno Renoul<\/em><\/p>\n<p class=\"group-title field-group-html-element\"><strong><span class=\"gr-foretitle gr-foretitle-article\">Mapping<\/span> : Superbe ode \u00e0 Roubaix sur la fa\u00e7ade de l\u2019h\u00f4tel de ville<\/strong><\/p>\n<p><em>Les trois premi\u00e8res repr\u00e9sentations publiques du \u00ab vid\u00e9o painting \u00bb de Xavier de Richemont ont \u00e9t\u00e9 projet\u00e9es ce vendredi soir sur la fa\u00e7ade de l\u2019h\u00f4tel de ville. Un magnifique spectacle qui a conquis le public.<\/em><\/p>\n<p><a href=\"http:\/\/www.lavoixdunord.fr\/459002\/article\/2018-09-28\/superbe-ode-roubaix-sur-la-facade-de-l-hotel-de-ville\" target=\"_blank\" rel=\"noopener noreferrer\">Lire l&#8217;article sur le site de La Voix du Nord<\/a>[\/vc_column_text][\/vc_column][\/vc_row][vc_row css=&#8221;.vc_custom_1545139238918{margin-bottom: 70px !important;}&#8221;][vc_column][vc_column_text]<\/p>\n<h3>Nord \u00c9clair<\/h3>\n<p>23 septembre 2018, <em>Marc Grosclaude<\/em><\/p>\n<p><strong>L\u2019h\u00f4tel de ville, \u00e9cran g\u00e9ant d\u2019un mapping spectaculaire<\/strong><\/p>\n<p><em>\u00c0 l\u2019occasion du Festival XU, durant trois semaines, les vendredis et samedis,le regard de l\u2019artiste Xavier de Richemont sera projet\u00e9 sur la fa\u00e7ade de l\u2019h\u00f4tel de ville. Un mapping qui d\u00e9peindra l\u2019histoire de Roubaix, ce qu\u2019elle fut et ce qu\u2019elle est aujourd\u2019hui. C\u2019est gratuit et cela devrait \u00eatre un tr\u00e8s beau spectacle.<\/em><\/p>\n<p><a href=\"http:\/\/www.nordeclair.fr\/190723\/article\/2018-09-23\/l-hotel-de-ville-ecran-geant-d-un-mapping-spectaculaire-sur-roubaix\" target=\"_blank\" rel=\"noopener noreferrer\">Lire l&#8217;article sur le site de Nord \u00c9clair<\/a>[\/vc_column_text][\/vc_column][\/vc_row][vc_row css=&#8221;.vc_custom_1545139238918{margin-bottom: 70px !important;}&#8221;][vc_column][vc_column_text]<\/p>\n<h3>W\u00e9o TV<\/h3>\n<p>28 septembre 2018, <em>Interview de Anouk Winberg<\/em><\/p>\n<p><strong>Les arts num\u00e9riques pour l&#8217;histoire de Roubaix<\/strong><\/p>\n<p><em>Anouk Winberg re\u00e7oit Xavier de Richemond &#8220;Vid\u00e9o peintre&#8221;. Au programme, &#8220;Mapping Night&#8221;, le vid\u00e9o mapping va retracer, en son et images projet\u00e9es sur l\u2019h\u00f4tel de ville, l\u2019histoire de Roubaix !<\/em><\/p>\n<p><a href=\"https:\/\/www.weo.fr\/video\/les-arts-numeriques-pour-lhistoire-de-roubaix\/\" target=\"_blank\" rel=\"noopener\">Voir l&#8217;interview sur le site de W\u00e9o TV<\/a>[\/vc_column_text][\/vc_column][\/vc_row]<\/p>\n","protected":false},"excerpt":{"rendered":"<p>[vc_row css=&#8221;.vc_custom_1545139238918{margin-bottom: 70px !important;}&#8221;][vc_column][vc_column_text] France 3 29 septembre 2018 [\/vc_column_text][\/vc_column][\/vc_row][vc_row css=&#8221;.vc_custom_1545139238918{margin-bottom: 70px !important;}&#8221;][vc_column][vc_column_text] Grand Lille TV 27 septembre 2018 [\/vc_column_text][\/vc_column][\/vc_row][vc_row css=&#8221;.vc_custom_1545139238918{margin-bottom: 70px !important;}&#8221;][vc_column][vc_column_text] Ville de Roubaix<span class=\"excerpt-hellip\"> [\u2026]<\/span><\/p>\n","protected":false},"author":1,"featured_media":2475,"comment_status":"open","ping_status":"open","sticky":false,"template":"","format":"standard","meta":{"_exactmetrics_skip_tracking":false,"_exactmetrics_sitenote_active":false,"_exactmetrics_sitenote_note":"","_exactmetrics_sitenote_category":0,"_jetpack_memberships_contains_paid_content":false,"footnotes":""},"categories":[44,39,23],"tags":[],"class_list":["post-2465","post","type-post","status-publish","format-standard","has-post-thumbnail","hentry","category-44","category-france","category-press"],"translation":{"provider":"WPGlobus","version":"3.0.2","language":"es","enabled_languages":["fr","en","es"],"languages":{"fr":{"title":true,"content":true,"excerpt":false},"en":{"title":false,"content":false,"excerpt":false},"es":{"title":false,"content":false,"excerpt":false}}},"jetpack_featured_media_url":"https:\/\/i0.wp.com\/xavierderichemont.com\/wp-content\/uploads\/2018\/09\/PR-roubaix-2018.jpg?fit=590%2C394&ssl=1","jetpack_shortlink":"https:\/\/wp.me\/saE78Y-urbaxo","jetpack_sharing_enabled":true,"_links":{"self":[{"href":"https:\/\/xavierderichemont.com\/es\/wp-json\/wp\/v2\/posts\/2465","targetHints":{"allow":["GET"]}}],"collection":[{"href":"https:\/\/xavierderichemont.com\/es\/wp-json\/wp\/v2\/posts"}],"about":[{"href":"https:\/\/xavierderichemont.com\/es\/wp-json\/wp\/v2\/types\/post"}],"author":[{"embeddable":true,"href":"https:\/\/xavierderichemont.com\/es\/wp-json\/wp\/v2\/users\/1"}],"replies":[{"embeddable":true,"href":"https:\/\/xavierderichemont.com\/es\/wp-json\/wp\/v2\/comments?post=2465"}],"version-history":[{"count":12,"href":"https:\/\/xavierderichemont.com\/es\/wp-json\/wp\/v2\/posts\/2465\/revisions"}],"predecessor-version":[{"id":2625,"href":"https:\/\/xavierderichemont.com\/es\/wp-json\/wp\/v2\/posts\/2465\/revisions\/2625"}],"wp:featuredmedia":[{"embeddable":true,"href":"https:\/\/xavierderichemont.com\/es\/wp-json\/wp\/v2\/media\/2475"}],"wp:attachment":[{"href":"https:\/\/xavierderichemont.com\/es\/wp-json\/wp\/v2\/media?parent=2465"}],"wp:term":[{"taxonomy":"category","embeddable":true,"href":"https:\/\/xavierderichemont.com\/es\/wp-json\/wp\/v2\/categories?post=2465"},{"taxonomy":"post_tag","embeddable":true,"href":"https:\/\/xavierderichemont.com\/es\/wp-json\/wp\/v2\/tags?post=2465"}],"curies":[{"name":"wp","href":"https:\/\/api.w.org\/{rel}","templated":true}]}}