{"id":2476,"date":"2018-09-13T15:42:42","date_gmt":"2018-09-13T13:42:42","guid":{"rendered":"https:\/\/xavierderichemont.com\/?p=2476"},"modified":"2019-01-04T10:30:14","modified_gmt":"2019-01-04T09:30:14","slug":"aplanos-lhomme-de-fer","status":"publish","type":"post","link":"https:\/\/xavierderichemont.com\/es\/press\/aplanos-lhomme-de-fer\/","title":{"rendered":"APLANOS, l&#8217;Homme de Fer"},"content":{"rendered":"<p>[vc_row css=&#8221;.vc_custom_1545139238918{margin-bottom: 70px !important;}&#8221;][vc_column][vc_column_text]<\/p>\n<h3>Le Parisien<\/h3>\n<p>13 septembre 2018, <em>Anne Colin<\/em><\/p>\n<p class=\"article-full__title\"><strong>Ecouen : d\u00e9couvrez le mus\u00e9e de la Renaissance sous un feu de projecteurs<\/strong><\/p>\n<p class=\"article-full__header\"><em>Con\u00e7ue par l\u2019artiste Xavier de Richemont, cette projection vid\u00e9o monumentale et anim\u00e9e permet de donner vie aux tr\u00e8s belles fa\u00e7ades de la cour int\u00e9rieure.<\/em><\/p>\n<p><a href=\"http:\/\/www.leparisien.fr\/val-d-oise-95\/ecouen-decouvrez-le-musee-de-la-renaissance-sous-un-feu-de-projecteurs-13-09-2018-7886760.php\" target=\"_blank\" rel=\"noopener\">Lire l&#8217;article sur le site du Parisien<\/a>[\/vc_column_text][\/vc_column][\/vc_row]<\/p>\n","protected":false},"excerpt":{"rendered":"<p>[vc_row css=&#8221;.vc_custom_1545139238918{margin-bottom: 70px !important;}&#8221;][vc_column][vc_column_text] Le Parisien 13 septembre 2018, Anne Colin Ecouen : d\u00e9couvrez le mus\u00e9e de la Renaissance sous un feu de projecteurs Con\u00e7ue par<span class=\"excerpt-hellip\"> [\u2026]<\/span><\/p>\n","protected":false},"author":1,"featured_media":2477,"comment_status":"open","ping_status":"open","sticky":false,"template":"","format":"standard","meta":{"_exactmetrics_skip_tracking":false,"_exactmetrics_sitenote_active":false,"_exactmetrics_sitenote_note":"","_exactmetrics_sitenote_category":0,"_jetpack_memberships_contains_paid_content":false,"footnotes":""},"categories":[44,39,23],"tags":[],"class_list":["post-2476","post","type-post","status-publish","format-standard","has-post-thumbnail","hentry","category-44","category-france","category-press"],"translation":{"provider":"WPGlobus","version":"3.0.2","language":"es","enabled_languages":["fr","en","es"],"languages":{"fr":{"title":true,"content":true,"excerpt":false},"en":{"title":false,"content":false,"excerpt":false},"es":{"title":false,"content":false,"excerpt":false}}},"jetpack_featured_media_url":"https:\/\/i0.wp.com\/xavierderichemont.com\/wp-content\/uploads\/2019\/01\/PR-ecouen-2018.jpg?fit=590%2C394&ssl=1","jetpack_shortlink":"https:\/\/wp.me\/paE78Y-DW","jetpack_sharing_enabled":true,"_links":{"self":[{"href":"https:\/\/xavierderichemont.com\/es\/wp-json\/wp\/v2\/posts\/2476","targetHints":{"allow":["GET"]}}],"collection":[{"href":"https:\/\/xavierderichemont.com\/es\/wp-json\/wp\/v2\/posts"}],"about":[{"href":"https:\/\/xavierderichemont.com\/es\/wp-json\/wp\/v2\/types\/post"}],"author":[{"embeddable":true,"href":"https:\/\/xavierderichemont.com\/es\/wp-json\/wp\/v2\/users\/1"}],"replies":[{"embeddable":true,"href":"https:\/\/xavierderichemont.com\/es\/wp-json\/wp\/v2\/comments?post=2476"}],"version-history":[{"count":3,"href":"https:\/\/xavierderichemont.com\/es\/wp-json\/wp\/v2\/posts\/2476\/revisions"}],"predecessor-version":[{"id":3078,"href":"https:\/\/xavierderichemont.com\/es\/wp-json\/wp\/v2\/posts\/2476\/revisions\/3078"}],"wp:featuredmedia":[{"embeddable":true,"href":"https:\/\/xavierderichemont.com\/es\/wp-json\/wp\/v2\/media\/2477"}],"wp:attachment":[{"href":"https:\/\/xavierderichemont.com\/es\/wp-json\/wp\/v2\/media?parent=2476"}],"wp:term":[{"taxonomy":"category","embeddable":true,"href":"https:\/\/xavierderichemont.com\/es\/wp-json\/wp\/v2\/categories?post=2476"},{"taxonomy":"post_tag","embeddable":true,"href":"https:\/\/xavierderichemont.com\/es\/wp-json\/wp\/v2\/tags?post=2476"}],"curies":[{"name":"wp","href":"https:\/\/api.w.org\/{rel}","templated":true}]}}