{"id":2493,"date":"2014-06-11T16:49:23","date_gmt":"2014-06-11T14:49:23","guid":{"rendered":"https:\/\/xavierderichemont.com\/?p=2493"},"modified":"2019-02-26T16:09:37","modified_gmt":"2019-02-26T15:09:37","slug":"san-antonio-the-saga","status":"publish","type":"post","link":"https:\/\/xavierderichemont.com\/es\/press\/san-antonio-the-saga\/","title":{"rendered":"San Antonio &#8211; The Saga"},"content":{"rendered":"<p>[vc_row css=&#8221;.vc_custom_1545139238918{margin-bottom: 70px !important;}&#8221;][vc_column][vc_column_text]<\/p>\n<h3>CNN Newsroom<\/h3>\n<p>2 f\u00e9vrier 2019, <em>Fredricka Whitfield<br \/>\n<\/em><\/p>\n<p class=\"header-title\"><strong><em>&#8220;If you&#8217;re here at night, you might want to see San Antonio, The Saga by Xavier de Richemont, from the Main Plaza Conservancy&#8230;&#8221;<\/em><\/strong><\/p>\n<div style=\"width: 1220px;\" class=\"wp-video\"><video class=\"wp-video-shortcode\" id=\"video-2493-1\" width=\"1220\" height=\"686\" poster=\"https:\/\/xavierderichemont.com\/wp-content\/uploads\/2014\/06\/cover_cnn-san-antonio.jpg\" preload=\"metadata\" controls=\"controls\"><source type=\"video\/mp4\" src=\"https:\/\/xavierderichemont.com\/wp-content\/uploads\/2014\/06\/20190202_SAN_ANTONIO_CNN.mp4?_=1\" \/><a href=\"https:\/\/xavierderichemont.com\/wp-content\/uploads\/2014\/06\/20190202_SAN_ANTONIO_CNN.mp4\">https:\/\/xavierderichemont.com\/wp-content\/uploads\/2014\/06\/20190202_SAN_ANTONIO_CNN.mp4<\/a><\/video><\/div>\n<p>[\/vc_column_text][\/vc_column][\/vc_row][vc_row css=&#8221;.vc_custom_1545139238918{margin-bottom: 70px !important;}&#8221;][vc_column][vc_column_text]<\/p>\n<h3>Destinations San Antonio<\/h3>\n<p>juin 2018, <em>Official visitors magazine<\/em><\/p>\n<div class=\"left\">\n<div class=\"article-content\"><\/div>\n<\/div>\n\n\t\t\t<style type='text\/css'>\n\t\t\t\t#sc_gallery-1 {\n\t\t\t\t\tmargin: auto;\n\t\t\t\t}\n\t\t\t\t#sc_gallery-1 .gallery-item {\n\t\t\t\t\tfloat: left;\n\t\t\t\t\ttext-align: center;\n\t\t\t\t\twidth: 33.33%;\n\t\t\t\t}\n\t\t\t\t#sc_gallery-1 img {\n\t\t\t\t\tborder: 2px solid #cfcfcf;\n\t\t\t\t}\n\t\t\t\t\/* see sc_gallery() in functions\/theme-shortcodes.php *\/\n\t\t\t<\/style>\n\t\t<div data-carousel-extra='{&quot;blog_id&quot;:1,&quot;permalink&quot;:&quot;https:\/\/xavierderichemont.com\/es\/press\/san-antonio-the-saga\/&quot;}' id='sc_gallery-1' class='gallery galleryid-2493 gallery-columns-3 gallery-size-large file element_classes gallery-default'><dl class='gallery-item'  data-title='PR-2018-sanantonio-1' data-description=''><div class='gallery-item-wrapper'>\n\t\t\t\t<dt class='gallery-icon portrait'>\n\t\t\t\t\t<a href=\"https:\/\/i0.wp.com\/xavierderichemont.com\/wp-content\/uploads\/2014\/06\/PR-2018-sanantonio-1.jpg?ssl=1\"><img loading=\"lazy\" decoding=\"async\" width=\"801\" height=\"1024\" src=\"https:\/\/i0.wp.com\/xavierderichemont.com\/wp-content\/uploads\/2014\/06\/PR-2018-sanantonio-1.jpg?fit=801%2C1024&amp;ssl=1\" class=\"attachment-large size-large\" alt=\"\" srcset=\"https:\/\/i0.wp.com\/xavierderichemont.com\/wp-content\/uploads\/2014\/06\/PR-2018-sanantonio-1.jpg?w=2008&amp;ssl=1 2008w, https:\/\/i0.wp.com\/xavierderichemont.com\/wp-content\/uploads\/2014\/06\/PR-2018-sanantonio-1.jpg?resize=235%2C300&amp;ssl=1 235w, https:\/\/i0.wp.com\/xavierderichemont.com\/wp-content\/uploads\/2014\/06\/PR-2018-sanantonio-1.jpg?resize=768%2C982&amp;ssl=1 768w, https:\/\/i0.wp.com\/xavierderichemont.com\/wp-content\/uploads\/2014\/06\/PR-2018-sanantonio-1.jpg?resize=801%2C1024&amp;ssl=1 801w, https:\/\/i0.wp.com\/xavierderichemont.com\/wp-content\/uploads\/2014\/06\/PR-2018-sanantonio-1.jpg?resize=114%2C146&amp;ssl=1 114w, https:\/\/i0.wp.com\/xavierderichemont.com\/wp-content\/uploads\/2014\/06\/PR-2018-sanantonio-1.jpg?resize=39%2C50&amp;ssl=1 39w, https:\/\/i0.wp.com\/xavierderichemont.com\/wp-content\/uploads\/2014\/06\/PR-2018-sanantonio-1.jpg?resize=59%2C75&amp;ssl=1 59w\" sizes=\"auto, (max-width:767px) 480px, (max-width:801px) 100vw, 801px\" data-attachment-id=\"2581\" data-permalink=\"https:\/\/xavierderichemont.com\/es\/press\/san-antonio-the-saga\/attachment\/pr-2018-sanantonio-1\/\" data-orig-file=\"https:\/\/i0.wp.com\/xavierderichemont.com\/wp-content\/uploads\/2014\/06\/PR-2018-sanantonio-1.jpg?fit=2008%2C2567&amp;ssl=1\" data-orig-size=\"2008,2567\" data-comments-opened=\"1\" data-image-meta=\"{&quot;aperture&quot;:&quot;0&quot;,&quot;credit&quot;:&quot;&quot;,&quot;camera&quot;:&quot;&quot;,&quot;caption&quot;:&quot;&quot;,&quot;created_timestamp&quot;:&quot;0&quot;,&quot;copyright&quot;:&quot;&quot;,&quot;focal_length&quot;:&quot;0&quot;,&quot;iso&quot;:&quot;0&quot;,&quot;shutter_speed&quot;:&quot;0&quot;,&quot;title&quot;:&quot;&quot;,&quot;orientation&quot;:&quot;0&quot;}\" data-image-title=\"PR-2018-sanantonio-1\" data-image-description=\"\" data-image-caption=\"\" data-large-file=\"https:\/\/i0.wp.com\/xavierderichemont.com\/wp-content\/uploads\/2014\/06\/PR-2018-sanantonio-1.jpg?fit=801%2C1024&amp;ssl=1\" \/><\/a>\n\t\t\t\t<\/dt><\/div><\/dl><dl class='gallery-item'  data-title='PR-2018-sanantonio-2' data-description=''><div class='gallery-item-wrapper'>\n\t\t\t\t<dt class='gallery-icon portrait'>\n\t\t\t\t\t<a href=\"https:\/\/i0.wp.com\/xavierderichemont.com\/wp-content\/uploads\/2014\/06\/PR-2018-sanantonio-2.jpg?ssl=1\"><img loading=\"lazy\" decoding=\"async\" width=\"801\" height=\"1024\" src=\"https:\/\/i0.wp.com\/xavierderichemont.com\/wp-content\/uploads\/2014\/06\/PR-2018-sanantonio-2.jpg?fit=801%2C1024&amp;ssl=1\" class=\"attachment-large size-large\" alt=\"\" srcset=\"https:\/\/i0.wp.com\/xavierderichemont.com\/wp-content\/uploads\/2014\/06\/PR-2018-sanantonio-2.jpg?w=2008&amp;ssl=1 2008w, https:\/\/i0.wp.com\/xavierderichemont.com\/wp-content\/uploads\/2014\/06\/PR-2018-sanantonio-2.jpg?resize=235%2C300&amp;ssl=1 235w, https:\/\/i0.wp.com\/xavierderichemont.com\/wp-content\/uploads\/2014\/06\/PR-2018-sanantonio-2.jpg?resize=768%2C982&amp;ssl=1 768w, https:\/\/i0.wp.com\/xavierderichemont.com\/wp-content\/uploads\/2014\/06\/PR-2018-sanantonio-2.jpg?resize=801%2C1024&amp;ssl=1 801w, https:\/\/i0.wp.com\/xavierderichemont.com\/wp-content\/uploads\/2014\/06\/PR-2018-sanantonio-2.jpg?resize=114%2C146&amp;ssl=1 114w, https:\/\/i0.wp.com\/xavierderichemont.com\/wp-content\/uploads\/2014\/06\/PR-2018-sanantonio-2.jpg?resize=39%2C50&amp;ssl=1 39w, https:\/\/i0.wp.com\/xavierderichemont.com\/wp-content\/uploads\/2014\/06\/PR-2018-sanantonio-2.jpg?resize=59%2C75&amp;ssl=1 59w\" sizes=\"auto, (max-width:767px) 480px, (max-width:801px) 100vw, 801px\" data-attachment-id=\"2583\" data-permalink=\"https:\/\/xavierderichemont.com\/es\/press\/san-antonio-the-saga\/attachment\/pr-2018-sanantonio-2\/\" data-orig-file=\"https:\/\/i0.wp.com\/xavierderichemont.com\/wp-content\/uploads\/2014\/06\/PR-2018-sanantonio-2.jpg?fit=2008%2C2567&amp;ssl=1\" data-orig-size=\"2008,2567\" data-comments-opened=\"1\" data-image-meta=\"{&quot;aperture&quot;:&quot;0&quot;,&quot;credit&quot;:&quot;&quot;,&quot;camera&quot;:&quot;&quot;,&quot;caption&quot;:&quot;&quot;,&quot;created_timestamp&quot;:&quot;0&quot;,&quot;copyright&quot;:&quot;&quot;,&quot;focal_length&quot;:&quot;0&quot;,&quot;iso&quot;:&quot;0&quot;,&quot;shutter_speed&quot;:&quot;0&quot;,&quot;title&quot;:&quot;&quot;,&quot;orientation&quot;:&quot;0&quot;}\" data-image-title=\"PR-2018-sanantonio-2\" data-image-description=\"\" data-image-caption=\"\" data-large-file=\"https:\/\/i0.wp.com\/xavierderichemont.com\/wp-content\/uploads\/2014\/06\/PR-2018-sanantonio-2.jpg?fit=801%2C1024&amp;ssl=1\" \/><\/a>\n\t\t\t\t<\/dt><\/div><\/dl><dl class='gallery-item'  data-title='PR-2018-sanantonio-3' data-description=''><div class='gallery-item-wrapper'>\n\t\t\t\t<dt class='gallery-icon portrait'>\n\t\t\t\t\t<a href=\"https:\/\/i0.wp.com\/xavierderichemont.com\/wp-content\/uploads\/2014\/06\/PR-2018-sanantonio-3.jpg?ssl=1\"><img loading=\"lazy\" decoding=\"async\" width=\"801\" height=\"1024\" src=\"https:\/\/i0.wp.com\/xavierderichemont.com\/wp-content\/uploads\/2014\/06\/PR-2018-sanantonio-3.jpg?fit=801%2C1024&amp;ssl=1\" class=\"attachment-large size-large\" alt=\"\" srcset=\"https:\/\/i0.wp.com\/xavierderichemont.com\/wp-content\/uploads\/2014\/06\/PR-2018-sanantonio-3.jpg?w=2008&amp;ssl=1 2008w, https:\/\/i0.wp.com\/xavierderichemont.com\/wp-content\/uploads\/2014\/06\/PR-2018-sanantonio-3.jpg?resize=235%2C300&amp;ssl=1 235w, https:\/\/i0.wp.com\/xavierderichemont.com\/wp-content\/uploads\/2014\/06\/PR-2018-sanantonio-3.jpg?resize=768%2C982&amp;ssl=1 768w, https:\/\/i0.wp.com\/xavierderichemont.com\/wp-content\/uploads\/2014\/06\/PR-2018-sanantonio-3.jpg?resize=801%2C1024&amp;ssl=1 801w, https:\/\/i0.wp.com\/xavierderichemont.com\/wp-content\/uploads\/2014\/06\/PR-2018-sanantonio-3.jpg?resize=114%2C146&amp;ssl=1 114w, https:\/\/i0.wp.com\/xavierderichemont.com\/wp-content\/uploads\/2014\/06\/PR-2018-sanantonio-3.jpg?resize=39%2C50&amp;ssl=1 39w, https:\/\/i0.wp.com\/xavierderichemont.com\/wp-content\/uploads\/2014\/06\/PR-2018-sanantonio-3.jpg?resize=59%2C75&amp;ssl=1 59w\" sizes=\"auto, (max-width:767px) 480px, (max-width:801px) 100vw, 801px\" data-attachment-id=\"2582\" data-permalink=\"https:\/\/xavierderichemont.com\/es\/press\/san-antonio-the-saga\/attachment\/pr-2018-sanantonio-3\/\" data-orig-file=\"https:\/\/i0.wp.com\/xavierderichemont.com\/wp-content\/uploads\/2014\/06\/PR-2018-sanantonio-3.jpg?fit=2008%2C2567&amp;ssl=1\" data-orig-size=\"2008,2567\" data-comments-opened=\"1\" data-image-meta=\"{&quot;aperture&quot;:&quot;0&quot;,&quot;credit&quot;:&quot;&quot;,&quot;camera&quot;:&quot;&quot;,&quot;caption&quot;:&quot;&quot;,&quot;created_timestamp&quot;:&quot;0&quot;,&quot;copyright&quot;:&quot;&quot;,&quot;focal_length&quot;:&quot;0&quot;,&quot;iso&quot;:&quot;0&quot;,&quot;shutter_speed&quot;:&quot;0&quot;,&quot;title&quot;:&quot;&quot;,&quot;orientation&quot;:&quot;0&quot;}\" data-image-title=\"PR-2018-sanantonio-3\" data-image-description=\"\" data-image-caption=\"\" data-large-file=\"https:\/\/i0.wp.com\/xavierderichemont.com\/wp-content\/uploads\/2014\/06\/PR-2018-sanantonio-3.jpg?fit=801%2C1024&amp;ssl=1\" \/><\/a>\n\t\t\t\t<\/dt><\/div><\/dl><br style=\"clear: both\" \/>\n\t\t\t<\/div>\n\n<p>[\/vc_column_text][\/vc_column][\/vc_row][vc_row css=&#8221;.vc_custom_1545139238918{margin-bottom: 70px !important;}&#8221;][vc_column][vc_column_text]<\/p>\n<h3>The Rivard Report<\/h3>\n<p>15 juin 2018, <em>Nicholas Frank<\/em><\/p>\n<blockquote class=\"wp-embedded-content\" data-secret=\"Zw6EVUa7T6\"><p><a href=\"https:\/\/therivardreport.com\/the-saga-artist-visits-for-birthday-celebration-in-main-plaza\/\" target=\"_blank\" rel=\"noopener\">The Saga Artist Visits For Birthday Celebration in Main Plaza<\/a><\/p><\/blockquote>\n<p><iframe loading=\"lazy\" class=\"wp-embedded-content\" sandbox=\"allow-scripts\" security=\"restricted\" style=\"position: absolute; clip: rect(1px, 1px, 1px, 1px);\" src=\"https:\/\/therivardreport.com\/the-saga-artist-visits-for-birthday-celebration-in-main-plaza\/embed\/#?secret=Zw6EVUa7T6\" data-secret=\"Zw6EVUa7T6\" width=\"600\" height=\"338\" title=\"&#8220;&lt;i&gt;The Saga&lt;\/i&gt; Artist Visits For Birthday Celebration in Main Plaza&#8221; &#8212; Rivard Report\" frameborder=\"0\" marginwidth=\"0\" marginheight=\"0\" scrolling=\"no\"><\/iframe><\/p>\n<p>[\/vc_column_text][\/vc_column][\/vc_row][vc_row css=&#8221;.vc_custom_1545139238918{margin-bottom: 70px !important;}&#8221;][vc_column][vc_column_text]<\/p>\n<h3>The Austin Chronicle<\/h3>\n<p>11 d\u00e9cembre 2015, <em>Gerald E. McCleod<\/em><\/p>\n<div class=\"left\">\n<div class=\"article-content\">\n<article><em><strong>Day Trips: San Antonio \u2013 The Saga : multimedia show paints San Antonio&#8217;s historic cathedral with light and music.<\/strong><\/em><\/article>\n<\/div>\n<\/div>\n<p><a href=\"https:\/\/www.austinchronicle.com\/columns\/2015-12-11\/day-trips-san-antonio-the-saga\/\" target=\"_blank\" rel=\"noopener\">Lire l&#8217;article sur le site de The Austin Chronicle<\/a><\/p>\n<p>[\/vc_column_text][\/vc_column][\/vc_row][vc_row css=&#8221;.vc_custom_1545139238918{margin-bottom: 70px !important;}&#8221;][vc_column][vc_column_text]<\/p>\n<h3>San Antonio Express-News<\/h3>\n<p>11 juin 2014, <em>Steve Bennett<\/em><\/p>\n<p class=\"header-title\"><em><strong>&#8216;San Antonio | The Saga&#8217; tells the story of the city in video projected on the fa\u00e7ade of San Fernando Cathedral<\/strong><\/em><\/p>\n<p><a href=\"https:\/\/www.expressnews.com\/news\/local\/article\/San-Antonio-The-Saga-tells-the-story-of-the-5546530.php\" target=\"_blank\" rel=\"noopener noreferrer\">Lire l&#8217;article sur le site de San Antonio Express-News<\/a><\/p>\n<p>[\/vc_column_text][\/vc_column][\/vc_row][vc_row css=&#8221;.vc_custom_1545139238918{margin-bottom: 70px !important;}&#8221;][vc_column][vc_column_text]<\/p>\n<h3>San Antonio Main Plaza<\/h3>\n<p>25 avril 2014<\/p>\n<p class=\"header-title\"><em><strong>Vid\u00e9o promotionnelle pour &#8220;San Antonio &#8211; The Saga&#8221; r\u00e9alis\u00e9e par la ville de San Antonio.<\/strong><\/em><\/p>\n<p><iframe loading=\"lazy\" src=\"https:\/\/www.youtube.com\/embed\/2HLBf0hvqho\" width=\"560\" height=\"315\" frameborder=\"0\" allowfullscreen=\"allowfullscreen\"><\/iframe>[\/vc_column_text][\/vc_column][\/vc_row]<\/p>\n","protected":false},"excerpt":{"rendered":"<p>[vc_row css=&#8221;.vc_custom_1545139238918{margin-bottom: 70px !important;}&#8221;][vc_column][vc_column_text] CNN Newsroom 2 f\u00e9vrier 2019, Fredricka Whitfield &#8220;If you&#8217;re here at night, you might want to see San Antonio, The Saga by<span class=\"excerpt-hellip\"> [\u2026]<\/span><\/p>\n","protected":false},"author":1,"featured_media":2495,"comment_status":"open","ping_status":"open","sticky":false,"template":"","format":"standard","meta":{"_exactmetrics_skip_tracking":false,"_exactmetrics_sitenote_active":false,"_exactmetrics_sitenote_note":"","_exactmetrics_sitenote_category":0,"_jetpack_memberships_contains_paid_content":false,"footnotes":""},"categories":[49,43,23],"tags":[],"class_list":["post-2493","post","type-post","status-publish","format-standard","has-post-thumbnail","hentry","category-49","category-united-states","category-press"],"translation":{"provider":"WPGlobus","version":"3.0.2","language":"es","enabled_languages":["fr","en","es"],"languages":{"fr":{"title":true,"content":true,"excerpt":false},"en":{"title":false,"content":false,"excerpt":false},"es":{"title":false,"content":false,"excerpt":false}}},"jetpack_featured_media_url":"https:\/\/i0.wp.com\/xavierderichemont.com\/wp-content\/uploads\/2019\/01\/PR-sanantonio-2014.jpg?fit=590%2C394&ssl=1","jetpack_shortlink":"https:\/\/wp.me\/paE78Y-Ed","jetpack_sharing_enabled":true,"_links":{"self":[{"href":"https:\/\/xavierderichemont.com\/es\/wp-json\/wp\/v2\/posts\/2493","targetHints":{"allow":["GET"]}}],"collection":[{"href":"https:\/\/xavierderichemont.com\/es\/wp-json\/wp\/v2\/posts"}],"about":[{"href":"https:\/\/xavierderichemont.com\/es\/wp-json\/wp\/v2\/types\/post"}],"author":[{"embeddable":true,"href":"https:\/\/xavierderichemont.com\/es\/wp-json\/wp\/v2\/users\/1"}],"replies":[{"embeddable":true,"href":"https:\/\/xavierderichemont.com\/es\/wp-json\/wp\/v2\/comments?post=2493"}],"version-history":[{"count":13,"href":"https:\/\/xavierderichemont.com\/es\/wp-json\/wp\/v2\/posts\/2493\/revisions"}],"predecessor-version":[{"id":2645,"href":"https:\/\/xavierderichemont.com\/es\/wp-json\/wp\/v2\/posts\/2493\/revisions\/2645"}],"wp:featuredmedia":[{"embeddable":true,"href":"https:\/\/xavierderichemont.com\/es\/wp-json\/wp\/v2\/media\/2495"}],"wp:attachment":[{"href":"https:\/\/xavierderichemont.com\/es\/wp-json\/wp\/v2\/media?parent=2493"}],"wp:term":[{"taxonomy":"category","embeddable":true,"href":"https:\/\/xavierderichemont.com\/es\/wp-json\/wp\/v2\/categories?post=2493"},{"taxonomy":"post_tag","embeddable":true,"href":"https:\/\/xavierderichemont.com\/es\/wp-json\/wp\/v2\/tags?post=2493"}],"curies":[{"name":"wp","href":"https:\/\/api.w.org\/{rel}","templated":true}]}}