{"id":3083,"date":"2019-02-25T10:24:17","date_gmt":"2019-02-25T09:24:17","guid":{"rendered":"https:\/\/xavierderichemont.com\/?p=3083"},"modified":"2021-02-25T10:24:28","modified_gmt":"2021-02-25T09:24:28","slug":"urbaxo-2","status":"publish","type":"post","link":"https:\/\/xavierderichemont.com\/es\/press\/urbaxo-2\/","title":{"rendered":"URBA|XO"},"content":{"rendered":"<p>[vc_row css=&#8221;.vc_custom_1545139238918{margin-bottom: 70px !important;}&#8221;][vc_column][vc_column_text]<\/p>\n<h3>La Voix du Nord<\/h3>\n<p>04 Septembre 2019, <em>Laurent Demontoux<\/em><\/p>\n<p class=\"article-full__title\"><strong>Roubaix : le \u00abson et lumi\u00e8re\u00bb revient sur la fa\u00e7ade de l\u2019h\u00f4tel de ville<\/strong><\/p>\n<p class=\"article-full__header\">Apr\u00e8s le succ\u00e8s de la projection du \u00ab vid\u00e9o painting \u00bb de Xavier de Richemont sur la fa\u00e7ade de l\u2019h\u00f4tel de ville de Roubaix, l\u2019an dernier, le spectacle son et lumi\u00e8re Urba Ixo va revenir avec 24 repr\u00e9sentations r\u00e9parties sur six soir\u00e9es, du 20 septembre au 5 octobre.<\/p>\n<p><a href=\"https:\/\/www.lavoixdunord.fr\/632732\/article\/2019-09-04\/roubaix-le-son-et-lumiere-revient-sur-la-facade-de-l-hotel-de-ville\" target=\"_blank\" rel=\"noopener\">Lire l&#8217;article sur le site La voix du Nord<\/a>[\/vc_column_text][vc_separator][vc_column_text]<\/p>\n<h3>Lille Actu<\/h3>\n<p>20 Septembre 2019<\/p>\n<p class=\"article-full__title\"><strong>Mapping sur la fa\u00e7ade de l&#8217;h\u00f4tel de ville de Roubaix<\/strong><\/p>\n<p class=\"article-full__header\">Les 20, 21, 27, 28 septembre, 4 et 5 octobre 2019, l&#8217;H\u00f4tel de ville de Roubaix (Nord) s&#8217;enflamme pour un spectacle exceptionnel. Venez rencontrer l&#8217;artiste vendredi 20 septembre.<\/p>\n<p><a href=\"https:\/\/actu.fr\/hauts-de-france\/roubaix_59512\/mapping-sur-facade-lhotel-ville-roubaix_27339480.html\" target=\"_blank\" rel=\"noopener\">Lire l&#8217;article sur le site Lille Actu<\/a>[\/vc_column_text][\/vc_column][\/vc_row]<\/p>\n","protected":false},"excerpt":{"rendered":"<p>[vc_row css=&#8221;.vc_custom_1545139238918{margin-bottom: 70px !important;}&#8221;][vc_column][vc_column_text] La Voix du Nord 04 Septembre 2019, Laurent Demontoux Roubaix : le \u00abson et lumi\u00e8re\u00bb revient sur la fa\u00e7ade de l\u2019h\u00f4tel de<span class=\"excerpt-hellip\"> [\u2026]<\/span><\/p>\n","protected":false},"author":1,"featured_media":2859,"comment_status":"open","ping_status":"open","sticky":false,"template":"","format":"standard","meta":{"_exactmetrics_skip_tracking":false,"_exactmetrics_sitenote_active":false,"_exactmetrics_sitenote_note":"","_exactmetrics_sitenote_category":0,"_jetpack_memberships_contains_paid_content":false,"footnotes":""},"categories":[85,39,23],"tags":[],"class_list":["post-3083","post","type-post","status-publish","format-standard","has-post-thumbnail","hentry","category-85","category-france","category-press"],"translation":{"provider":"WPGlobus","version":"3.0.2","language":"es","enabled_languages":["fr","en","es"],"languages":{"fr":{"title":true,"content":true,"excerpt":false},"en":{"title":false,"content":false,"excerpt":false},"es":{"title":false,"content":false,"excerpt":false}}},"jetpack_featured_media_url":"https:\/\/i0.wp.com\/xavierderichemont.com\/wp-content\/uploads\/2020\/12\/trailerbox-2018-2020-1.jpg?fit=426%2C240&ssl=1","jetpack_shortlink":"https:\/\/wp.me\/paE78Y-NJ","jetpack_sharing_enabled":true,"_links":{"self":[{"href":"https:\/\/xavierderichemont.com\/es\/wp-json\/wp\/v2\/posts\/3083","targetHints":{"allow":["GET"]}}],"collection":[{"href":"https:\/\/xavierderichemont.com\/es\/wp-json\/wp\/v2\/posts"}],"about":[{"href":"https:\/\/xavierderichemont.com\/es\/wp-json\/wp\/v2\/types\/post"}],"author":[{"embeddable":true,"href":"https:\/\/xavierderichemont.com\/es\/wp-json\/wp\/v2\/users\/1"}],"replies":[{"embeddable":true,"href":"https:\/\/xavierderichemont.com\/es\/wp-json\/wp\/v2\/comments?post=3083"}],"version-history":[{"count":1,"href":"https:\/\/xavierderichemont.com\/es\/wp-json\/wp\/v2\/posts\/3083\/revisions"}],"predecessor-version":[{"id":3084,"href":"https:\/\/xavierderichemont.com\/es\/wp-json\/wp\/v2\/posts\/3083\/revisions\/3084"}],"wp:featuredmedia":[{"embeddable":true,"href":"https:\/\/xavierderichemont.com\/es\/wp-json\/wp\/v2\/media\/2859"}],"wp:attachment":[{"href":"https:\/\/xavierderichemont.com\/es\/wp-json\/wp\/v2\/media?parent=3083"}],"wp:term":[{"taxonomy":"category","embeddable":true,"href":"https:\/\/xavierderichemont.com\/es\/wp-json\/wp\/v2\/categories?post=3083"},{"taxonomy":"post_tag","embeddable":true,"href":"https:\/\/xavierderichemont.com\/es\/wp-json\/wp\/v2\/tags?post=3083"}],"curies":[{"name":"wp","href":"https:\/\/api.w.org\/{rel}","templated":true}]}}