{"id":3088,"date":"2020-02-25T10:53:45","date_gmt":"2020-02-25T09:53:45","guid":{"rendered":"https:\/\/xavierderichemont.com\/?p=3088"},"modified":"2021-02-25T10:59:07","modified_gmt":"2021-02-25T09:59:07","slug":"leroy-st-martin-urbaxo","status":"publish","type":"post","link":"https:\/\/xavierderichemont.com\/es\/press\/leroy-st-martin-urbaxo\/","title":{"rendered":"LEROY ST-MARTIN &#038; URBA|XO"},"content":{"rendered":"<p>[vc_row css=&#8221;.vc_custom_1545139238918{margin-bottom: 70px !important;}&#8221;][vc_column][vc_column_text]<\/p>\n<h3>La Voix du Nord<\/h3>\n<p>22 Juillet 2020, Bruno Renoul<\/p>\n<p class=\"article-full__title\"><strong>Le mapping Urba Ixo va revenir pour la troisi\u00e8me fois \u00e0 Roubaix \u00e0 la rentr\u00e9e<\/strong><\/p>\n<p class=\"article-full__header\">Forte du succ\u00e8s des deux \u00e9ditions pr\u00e9c\u00e9dentes, la ville de Roubaix a d\u00e9cid\u00e9 de proposer de nouveau au public le remarquable spectacle de \u00ab peinture vid\u00e9o \u00bb Urba Ixo. Il sera projet\u00e9 gratuitement sur la fa\u00e7ade de l\u2019h\u00f4tel de ville du 10 septembre au 3 octobre, avec davantage de repr\u00e9sentations qu\u2019en 2018 et 2019.<\/p>\n<p><a href=\"https:\/\/www.lavoixdunord.fr\/842477\/article\/2020-07-22\/le-mapping-urba-ixo-va-revenir-pour-la-troisieme-fois-roubaix-la-rentree\" target=\"_blank\" rel=\"noopener\">Lire l&#8217;article sur le site La voix du Nord<\/a>[\/vc_column_text][vc_separator][vc_column_text]<\/p>\n<h3>Lille Actu<\/h3>\n<p>08 Septembre 2020<\/p>\n<p class=\"article-full__title\"><strong>\u00c0 Roubaix, le mapping Urba Ixo de retour sur la mairie et sur l&#8217;\u00e9glise<\/strong><\/p>\n<p class=\"article-full__header\">Pour la troisi\u00e8me fois, le mapping revient sur la fa\u00e7ade de l&#8217;h\u00f4tel de ville de Roubaix, du 10 septembre au 3 octobre 2020. L&#8217;\u00e9glise Saint-Martin est concern\u00e9e aussi !<\/p>\n<p><a href=\"https:\/\/actu.fr\/hauts-de-france\/roubaix_59512\/a-roubaix-le-mapping-urba-ixo-de-retour-sur-la-mairie-et-sur-l-eglise_35944371.html\" target=\"_blank\" rel=\"noopener\">Lire l&#8217;article sur le site Lille Actu<\/a>[\/vc_column_text][vc_separator][vc_column_text]<\/p>\n<h3>La Voix du Nord<\/h3>\n<p>10 Septembre 2020,<em> Marc Grosclaude Et Thierry Thorel<\/em><\/p>\n<p class=\"article-full__title\"><strong>Roubaix: la Grand-place en voit vraiment de toutes les couleurs!<\/strong><\/p>\n<p class=\"article-full__header\">Non content de conter l\u2019histoire de Roubaix sur l\u2019h\u00f4tel de ville, l\u2019artiste vid\u00e9o Xavier de Richemont a aussi investi cette ann\u00e9e l\u2019\u00e9glise Saint-Martin avec ses projections.<\/p>\n<p><a href=\"https:\/\/www.lavoixdunord.fr\/863439\/article\/2020-09-10\/roubaix-la-grand-place-en-voit-vraiment-de-toutes-les-couleurs\" target=\"_blank\" rel=\"noopener\">Lire l&#8217;article sur le site La voix du Nord<\/a>[\/vc_column_text][vc_separator][vc_column_text]<\/p>\n<h3>Lille Actu<\/h3>\n<p>16 Septembre 2020, <em>Anne-Sophie Hourdeaux<\/em><\/p>\n<p class=\"article-full__title\"><strong>Mapping jusqu&#8217;au 3 octobre : Roubaix, ville lumi\u00e8re gr\u00e2ce \u00e0 UrbaIxo !<\/strong><\/p>\n<p class=\"article-full__header\">Pour la 3e fois, l&#8217;\u0153uvre audiovisuelle et lumineuse de Xavier de Richemont est projet\u00e9e sur l&#8217;h\u00f4tel de ville de Roubaix (Nord), et l&#8217;\u00e9glise aussi. \u00c0 voir jusqu&#8217;au 3 octobre 2020.<\/p>\n<p><a href=\"https:\/\/actu.fr\/hauts-de-france\/roubaix_59512\/mapping-jusqu-au-3-octobre-roubaix-ville-lumiere-grace-a-urba-ixo_36123157.html\" target=\"_blank\" rel=\"noopener\">Lire l&#8217;article sur le site Lille Actu<\/a>[\/vc_column_text][\/vc_column][\/vc_row]<\/p>\n","protected":false},"excerpt":{"rendered":"<p>[vc_row css=&#8221;.vc_custom_1545139238918{margin-bottom: 70px !important;}&#8221;][vc_column][vc_column_text] La Voix du Nord 22 Juillet 2020, Bruno Renoul Le mapping Urba Ixo va revenir pour la troisi\u00e8me fois \u00e0 Roubaix \u00e0<span class=\"excerpt-hellip\"> [\u2026]<\/span><\/p>\n","protected":false},"author":1,"featured_media":3089,"comment_status":"open","ping_status":"open","sticky":false,"template":"","format":"standard","meta":{"_exactmetrics_skip_tracking":false,"_exactmetrics_sitenote_active":false,"_exactmetrics_sitenote_note":"","_exactmetrics_sitenote_category":0,"_jetpack_memberships_contains_paid_content":false,"footnotes":""},"categories":[87,39,23],"tags":[],"class_list":["post-3088","post","type-post","status-publish","format-standard","has-post-thumbnail","hentry","category-87","category-france","category-press"],"translation":{"provider":"WPGlobus","version":"3.0.2","language":"es","enabled_languages":["fr","en","es"],"languages":{"fr":{"title":true,"content":true,"excerpt":false},"en":{"title":false,"content":false,"excerpt":false},"es":{"title":false,"content":false,"excerpt":false}}},"jetpack_featured_media_url":"https:\/\/i0.wp.com\/xavierderichemont.com\/wp-content\/uploads\/2021\/02\/trailerbox-leroy.jpg?fit=426%2C240&ssl=1","jetpack_shortlink":"https:\/\/wp.me\/paE78Y-NO","jetpack_sharing_enabled":true,"_links":{"self":[{"href":"https:\/\/xavierderichemont.com\/es\/wp-json\/wp\/v2\/posts\/3088","targetHints":{"allow":["GET"]}}],"collection":[{"href":"https:\/\/xavierderichemont.com\/es\/wp-json\/wp\/v2\/posts"}],"about":[{"href":"https:\/\/xavierderichemont.com\/es\/wp-json\/wp\/v2\/types\/post"}],"author":[{"embeddable":true,"href":"https:\/\/xavierderichemont.com\/es\/wp-json\/wp\/v2\/users\/1"}],"replies":[{"embeddable":true,"href":"https:\/\/xavierderichemont.com\/es\/wp-json\/wp\/v2\/comments?post=3088"}],"version-history":[{"count":2,"href":"https:\/\/xavierderichemont.com\/es\/wp-json\/wp\/v2\/posts\/3088\/revisions"}],"predecessor-version":[{"id":3091,"href":"https:\/\/xavierderichemont.com\/es\/wp-json\/wp\/v2\/posts\/3088\/revisions\/3091"}],"wp:featuredmedia":[{"embeddable":true,"href":"https:\/\/xavierderichemont.com\/es\/wp-json\/wp\/v2\/media\/3089"}],"wp:attachment":[{"href":"https:\/\/xavierderichemont.com\/es\/wp-json\/wp\/v2\/media?parent=3088"}],"wp:term":[{"taxonomy":"category","embeddable":true,"href":"https:\/\/xavierderichemont.com\/es\/wp-json\/wp\/v2\/categories?post=3088"},{"taxonomy":"post_tag","embeddable":true,"href":"https:\/\/xavierderichemont.com\/es\/wp-json\/wp\/v2\/tags?post=3088"}],"curies":[{"name":"wp","href":"https:\/\/api.w.org\/{rel}","templated":true}]}}